{"iss":"TOPR","sub":"Komunikat Lawinowy dla Tatr Polskich","id":5739,"iat":"2026-04-16 18:07","exp":"2026-04-17 20:00","iby":"Jakub Hornowski","crc":"4c59cbd4ed50a5da443d1009eeae64d5","mst":{"lev":2,"wet":"w","tnd":-1,"img":"https:\/\/lawiny.topr.pl\/img\/json\/stp_20260416180731.png","desc0":"Umiarkowane","desc1":"Pokrywa \u015bnie\u017cna jest na og\u00f3\u0142 zwi\u0105zana dobrze, ale na niekt\u00f3rych stromych stokach jest zwi\u0105zana umiarkowanie. Wyzwolenie lawiny jest mo\u017cliwe przewa\u017cnie przy du\u017cym obci\u0105\u017ceniu dodatkowym, szczeg\u00f3lnie na stromych stokach wskazanych w komunikacie lawinowym. Samoistne zej\u015bcie bardzo du\u017cych lawin jest ma\u0142o prawdopodobne.","desc2":"Cz\u0119\u015bciowo niekorzystne warunki. Poruszanie si\u0119 wymaga umiej\u0119tno\u015bci oceny lokalnego zagro\u017cenia lawinowego, odpowiedniego wyboru trasy oraz zachowania elementarnych \u015brodk\u00f3w bezpiecze\u0144stwa na wszystkich stromych stokach, a szczeg\u00f3lnie na wskazanych w komunikacie lawinowym, jako niekorzystnych pod wzgl\u0119dem wystawy lub wysoko\u015bci.","desc0.a":"(wraz ze wzrostem temperatury)"},"am":{"mode":2,"height":1700,"upper":{"lev":2,"wet":"w","prb":"prws","exp":"11111111"},"lower":{"lev":1,"wet":"w","prb":"prws","exp":"11111111"},"img":"https:\/\/lawiny.topr.pl\/img\/json\/lam_20260416180731.png"},"pm":{"mode":2,"height":1700,"upper":{"lev":2,"wet":"w","prb":"prws","exp":"11111111"},"lower":{"lev":1,"wet":"w","prb":"prws","exp":"11111111"},"img":"https:\/\/lawiny.topr.pl\/img\/json\/lpm_20260416180731.png"},"history":[{"dat":"2026-04-14","lev":"1","wet":"w"},{"dat":"2026-04-15","lev":"2","wet":"w"},{"dat":"2026-04-16","lev":"2","wet":"w"},{"dat":"2026-04-17","lev":2,"wet":"w"},{"dat":"2026-04-18","lev":1,"wet":""}],"comment":"Nadal mamy do czynienia z kompletnie przemoczon\u0105 pokryw\u0105 \u015bnie\u017cn\u0105. Je\u015bli sprawdz\u0105 si\u0119 prognozy i izoterma pow\u0119druje w g\u00f3r\u0119, ie. temperatury spadn\u0105 poni\u017cej zera, nale\u017cy spodziewa\u0107 si\u0119 zdecydowanego spadku zagro\u017cenia","rights":"Dane pochodz\u0105 z oficjalnego serwisu lawinowego TOPR i s\u0105 w\u0142asno\u015bci\u0105 TOPR. Wykorzystanie tych danych do publikacji w serwisach podmiot\u00f3w trzecich wymaga uzyskania zgody TOPR. TOPR nie ponosi odpowiedzialno\u015bci za spos\u00f3b i zakres wykorzystania tych danych przez podmioty trzecie, w szczeg\u00f3lno\u015bci za spos\u00f3b ich prezentacji i aktualno\u015b\u0107 danych w serwisach podmiot\u00f3w trzecich."}