{"iss":"TOPR","sub":"Komunikat Lawinowy dla Tatr Polskich","id":5743,"iat":"2026-04-18 17:28","exp":"2026-04-19 20:00","iby":"Andrzej Marasek","crc":"691bb27aa43c2f76b18f167b2940751e","mst":{"lev":2,"wet":"","tnd":0,"img":"https:\/\/lawiny.topr.pl\/img\/json\/stp_20260418172922.png","desc0":"Umiarkowane","desc1":"Pokrywa \u015bnie\u017cna jest na og\u00f3\u0142 zwi\u0105zana dobrze, ale na niekt\u00f3rych stromych stokach jest zwi\u0105zana umiarkowanie. Wyzwolenie lawiny jest mo\u017cliwe przewa\u017cnie przy du\u017cym obci\u0105\u017ceniu dodatkowym, szczeg\u00f3lnie na stromych stokach wskazanych w komunikacie lawinowym. Samoistne zej\u015bcie bardzo du\u017cych lawin jest ma\u0142o prawdopodobne.","desc2":"Cz\u0119\u015bciowo niekorzystne warunki. Poruszanie si\u0119 wymaga umiej\u0119tno\u015bci oceny lokalnego zagro\u017cenia lawinowego, odpowiedniego wyboru trasy oraz zachowania elementarnych \u015brodk\u00f3w bezpiecze\u0144stwa na wszystkich stromych stokach, a szczeg\u00f3lnie na wskazanych w komunikacie lawinowym, jako niekorzystnych pod wzgl\u0119dem wystawy lub wysoko\u015bci.","desc0.a":""},"am":{"mode":1,"height":0,"upper":{"lev":1,"wet":"","prb":"prnn","exp":"11111111"},"lower":{"lev":1,"wet":"","prb":"prnn","exp":"11111111"},"img":"https:\/\/lawiny.topr.pl\/img\/json\/lam_20260418172922.png"},"pm":{"mode":2,"height":1600,"upper":{"lev":2,"wet":"w","prb":"prws","exp":"00111110"},"lower":{"lev":1,"wet":"w","prb":"prws","exp":"11111111"},"img":"https:\/\/lawiny.topr.pl\/img\/json\/lpm_20260418172922.png"},"history":[{"dat":"2026-04-16","lev":"2","wet":"w"},{"dat":"2026-04-17","lev":"2","wet":"w"},{"dat":"2026-04-18","lev":"2","wet":"w"},{"dat":"2026-04-19","lev":2,"wet":""},{"dat":"2026-04-20","lev":2,"wet":""}],"comment":"Warunki typowo wiosenne. Nad ranem, pokrywa \u015bniegowa miejscami mocno zmro\u017cona. Natomiast w ci\u0105gu dnia, wraz ze wzrostem temperatury pokrywa nabierze wagi. \u015aniegi stan\u0105 si\u0119 ci\u0119\u017ckie i wilgotne. Zjawisko to b\u0119dzie zauwa\u017calne szczeg\u00f3lnie w Tatrach Zachodnich, na wystawach nas\u0142onecznionych. Na stokach o pod\u0142o\u017cu trawiastym pojawi si\u0119 problem \u015bniegu \u015blizgaj\u0105cego.","rights":"Dane pochodz\u0105 z oficjalnego serwisu lawinowego TOPR i s\u0105 w\u0142asno\u015bci\u0105 TOPR. Wykorzystanie tych danych do publikacji w serwisach podmiot\u00f3w trzecich wymaga uzyskania zgody TOPR. TOPR nie ponosi odpowiedzialno\u015bci za spos\u00f3b i zakres wykorzystania tych danych przez podmioty trzecie, w szczeg\u00f3lno\u015bci za spos\u00f3b ich prezentacji i aktualno\u015b\u0107 danych w serwisach podmiot\u00f3w trzecich."}